{"id":9780,"date":"2021-10-30T18:34:34","date_gmt":"2021-10-30T17:34:34","guid":{"rendered":"http:\/\/gnosis-is.m-offers.com\/?p=9780"},"modified":"2025-03-31T21:07:20","modified_gmt":"2025-03-31T20:07:20","slug":"el-poder-de-la-palabra","status":"publish","type":"post","link":"https:\/\/gnosis.is\/de\/blog\/2021\/10\/30\/die-macht-des-wortes\/","title":{"rendered":"Die Macht des Wortes"},"content":{"rendered":"<h2 class=\"wp-block-heading\" id=\"h-la-antigua-magia-del-verbo\"><strong>Die alte Magie des Verbs\u00a0<\/strong><\/h2>\n\n\n\n<p>Wir leben in einer Welt, die aus Worten besteht. Worte sind nicht nur reine Kommunikationsformen, sie dr\u00fccken eine ganze Idee aus und geben oder nehmen Emotionen Bedeutung. Worte sind fast alles in dieser Welt. <a href=\"https:\/\/gnosis.is\/de\/blog\/2021\/05\/01\/ein-leben-ohne-probleme-ist-moglich\/%c2%a0\/\">Leben<\/a> in sozialer, politischer und kultureller Hinsicht. Der Gebrauch von Worten bestimmt mehr als jeder andere Faktor die Art und Weise, wie wir denken und f\u00fchlen. In einem solchen Ausma\u00df, dass die Art und Weise, wie Geschichten oder Ereignisse erz\u00e4hlt werden, einen entscheidenden Einfluss darauf hat, wie wir die Realit\u00e4t wahrnehmen und wie wir sie lesen. Unsere individuelle Meinung wird durch Worte geformt.<\/p>\n\n\n\n<p><b><i>\"Worte k\u00f6nnen wie R\u00f6ntgenstrahlen sein, wenn man sie richtig einsetzt: Sie gehen durch alles hindurch\". <\/i><\/b><i>Aldous Huxley<\/i><\/p>\n\n\n\n<h2 class=\"wp-block-heading\" id=\"h-el-uso-de-las-palabras-en-las-culturas-nbsp-ancestrales\"><strong>Der Gebrauch von W\u00f6rtern in alten Kulturen<\/strong><\/h2>\n\n\n\n<h2 class=\"wp-block-heading\" id=\"h-\"><b><figure><img fetchpriority=\"high\" decoding=\"async\" src=\"https:\/\/gnosis.is\/wp-content\/uploads\/2021\/03\/descarga.jpg\" alt=\"W\u00f6rter in alten Kulturen\" width=\"356\" height=\"235\"><\/figure><\/b><\/h2>\n\n\n\n<p>F\u00fcr die alten Zivilisationen beschr\u00e4nkte sich der Gebrauch von Worten nicht nur auf die Kommunikation von Ideen oder Gef\u00fchlen. Sie waren auch der Ausdruck einer Kraft, die in eine reale und konkrete Tatsache umgesetzt werden konnte.&nbsp;<\/p>\n\n\n\n<p>Die \u00c4gypter zum Beispiel glaubten, dass das Wort eine intensive Bedeutung hat. <a href=\"https:\/\/gnosis.is\/de\/blog\/2021\/04\/17\/die-macht-der-klassischen-musik\/\">Strom<\/a>&nbsp;magisch, dank derer die Priester, die sich gut mit der <a href=\"https:\/\/gnosis.is\/de\/blog\/2020\/05\/07\/magia-elemental-de-la-naturaleza-el-dominio-de-la-naturaleza-interior\/\">Natur<\/a>&nbsp;Der Pharao selbst, wenn er etwas w\u00fcnschte, befahl es durch seine Worte. Diese Befehle wurden von den Menschen sofort befolgt, so dass das Wort des Pharaos, des Gottes auf Erden, die Sch\u00f6pfung der G\u00f6tter schuf. Der Pharao selbst, wenn er etwas w\u00fcnschte, befahl es durch seine Worte. Diese Befehle wurden von den Menschen sofort befolgt, so dass das Wort des Pharaos, des Gottes auf Erden, Tag f\u00fcr Tag die Realit\u00e4t schuf.<\/p>\n\n\n\n<p>\"<b><i>Ich bin das Gro\u00dfe Wort\". <\/i><\/b><b>Der Pharao.Pyramidentexte.<\/b><\/p>\n\n\n\n<p>Sie ist geschrieben in <a href=\"https:\/\/gnosis.is\/de\/blog\/2020\/11\/05\/die-heiligen-bucher-und-die-eine-wahrheit\/\">die heiligen B\u00fccher<\/a> Das Wort, das in der Bereschit der hebr\u00e4ischen Thora sowie in der Entstehungsgeschichte des Alten Testaments der christlichen Bibel vorkommt, ist eng mit der allm\u00e4chtigen Macht des Sch\u00f6pfers verbunden:<\/p>\n\n\n\n<p><b>\"1_<\/b><b><i> Im Anfang war das Wort, und das Wort war bei Gott, und das Wort war Gott.<\/i><\/b><\/p>\n\n\n\n<p><b><i>2 _ Das war am Anfang bei Gott.<\/i><\/b><\/p>\n\n\n\n<p><b><i>3_ Alle Dinge sind durch ihn gemacht, und ohne ihn ist nichts gemacht worden, was gemacht worden ist.\" Johannes 1:1-3<\/i><\/b><\/p>\n\n\n\n<p>F\u00fcr die alten Ureinwohner Amerikas waren Worte und vor allem der Gesang (das Wort \"Song\") das wichtigste Kommunikationsmittel. <a href=\"https:\/\/gnosis.is\/de\/blog\/2021\/03\/25\/musik-und-inneres-gleichgewicht\/\">Musikalisch<\/a> oder gesungen), besa\u00dfen eine magische und heilende Kraft, denn ihre Weltanschauung erlaubte ihnen eine innige Beziehung zu <a href=\"https:\/\/gnosis.is\/de\/blog\/2020\/05\/05\/el-alma-de-la-naturaleza\/\">Natur<\/a>durch Respekt und F\u00fcrsorge f\u00fcr ihren eigenen Lebensraum. Deshalb <a href=\"https:\/\/gnosis.is\/de\/blog\/2020\/05\/29\/die-magie-liegt-im-leben\/\">Leben<\/a>In ihren vielf\u00e4ltigen Erscheinungsformen hatten sie auch ihren Ausdruck in Worten und Gesang; als Materialisierung einer spirituellen Ebene. Aus diesem Grund gibt es in der einheimischen Sprache W\u00f6rter, die die materielle Ebene mit der spirituellen Ebene auf poetische Weise verflechten, so dass sie nicht w\u00f6rtlich in andere Sprachen \u00fcbersetzt werden k\u00f6nnen.<\/p>\n\n\n\n<p><b>\"<\/b><b><i>Apapachar ist das sch\u00f6nste Wort, das die Nahuatl-Sprache dem Spanischen gegeben hat, denn es bedeutet <\/i><\/b><b><i>Umarmung oder Liebkosung mit der Seele\".<\/i><\/b><\/p>\n\n\n\n<p>Die <a href=\"https:\/\/gnosis.is\/de\/blog\/2020\/07\/05\/weisheit-durch-geistige-stille\/\">&nbsp;Weisheit <\/a>&nbsp;der keltischen Kultur, verdient einen besonderen Abschnitt, denn der Nachhall ihres magischen Alphabets und die ganze Sch\u00f6nheit des Ursprungs von M\u00e4rchen und \u00fcbernat\u00fcrlichen Wesen, die Frucht der m\u00fcndlichen \u00dcberlieferung ihrer alten Geschichte, erreichen uns noch heute. Dieses Alphabet, bekannt als Runen, war heilig. In der nordischen oder Wikinger-Kultur hei\u00dft es, dass es vom Gott Odin, dem gro\u00dfen Sch\u00f6pfer, der alles tun kann, gegeben wurde. Und es war ein Weg f\u00fcr ihn, mit seinem Volk zu kommunizieren, um ihm seinen Segen zu senden oder es vor seinen Feinden zu warnen. Sie hatte einen g\u00f6ttlichen Charakter, wurde aber nicht mehr verwendet, als das Christentum sie als heidnisch ansah und diejenigen verfolgte, die sie verwendeten.<\/p>\n\n\n\n<p>&nbsp;\"<b><i>Diese einzigartige primitive Genesische Sprache, der Vater aller menschlichen Sprachen, sind die RUNEN, die die ersten Menschen mit heiligen H\u00e4nden in Steine graviert haben\". <\/i><\/b><i>Krumm Heller. Runenkurs.<\/i><\/p>\n\n\n\n<p>&nbsp;W\u00f6rter entstehen aus der Verbindung verschiedener Laute oder Phoneme, die jedem existierenden Ding einen Namen geben, aber es gibt W\u00f6rter, die f\u00fcr das menschliche Ohr unh\u00f6rbar sind und die wir auch nicht aussprechen k\u00f6nnen.<\/p>\n\n\n\n<h2 class=\"wp-block-heading\" id=\"h-las-palabras-y-su-efecto\"><b>Worte und ihre Wirkung<figure><img decoding=\"async\" src=\"https:\/\/gnosis.is\/wp-content\/uploads\/2021\/10\/WhatsApp-Image-2021-03-24-at-22.10.09-300x225.jpeg\" alt=\"Worte und ihre Wirkung\" width=\"380\" height=\"285\"><\/figure><\/b><\/h2>\n\n\n\n<p><b><i>\"Das Ergebnis der gesprochenen Worte muss edel kalkuliert sein. Denn oft verletzt man andere mit Worten, unbewusst\" Samael aum Weor. Logos Mantram Theurgie.<\/i><\/b><\/p>\n\n\n\n<p>Worte sind ein Spiegel der Gedanken. Es besteht ein direkt proportionales Verh\u00e4ltnis zwischen Ordnung und Klarheit des Denkens einerseits und der Manifestation durch Sprache andererseits.&nbsp;<\/p>\n\n\n\n<p>Wir haben mehr Formen der sozialen und medialen Kommunikation, aber die zwischenmenschliche Kommunikation hat gelitten.<\/p>\n\n\n\n<p>Durch die Verarmung der Kultur sind wir auch einer Verarmung der Sprache ausgesetzt, die eine tiefgreifende Kommunikation verhindert, oft in Oberfl\u00e4chlichkeit verf\u00e4llt und nicht in der Lage ist, eine Idee, ein Gef\u00fchl usw. zu vermitteln.<\/p>\n\n\n\n<p>Das, was wir sagen, das Wort, hat je nach seinem Inhalt eine konstruktive oder destruktive Wirkung. Sogar die Intonation und die angewandte nonverbale Sprache.<\/p>\n\n\n\n<p>Zweifellos erkl\u00e4rt sich die Wirkung der Worte durch die Art der Energie, mit der sie durchdrungen sind, und die Absicht, mit der sie ausgesandt wurden.&nbsp;<\/p>\n\n\n\n<p>In der Esoterik wird diese Qualit\u00e4t der Worte als \"Geometrie des Wortes\" bezeichnet.<\/p>\n\n\n\n<p><b>\"L<\/b><b><i>ie Worte erzeugen objektive geometrische Figuren. Solche Figuren sind mit kosmischer Materie gef\u00fcllt und kristallisieren sich materiell aus\". Samael Aum Weor. Logos Mantram Theurgie.<\/i><\/b><\/p>\n\n\n\n<h2 class=\"wp-block-heading\" id=\"h-la-laringe-creadora\"><b>Der kreative Kehlkopf<\/b><\/h2>\n\n\n\n<p>Der Kehlkopf und die Geb\u00e4rmutter sind sich nicht nur physisch \u00e4hnlich - sie haben einen hohlen, leeren, feuchten Kanal -, sondern diese Organe reagieren auch \u00e4hnlich, indem sie sich je nach Reiz schlie\u00dfen oder ausdehnen, und beide werden vom parasympathischen System koordiniert.<\/p>\n\n\n\n<p><b><i>\"Die Kehle ist eine Geb\u00e4rmutter, in der das Wort heranreift\".<\/i><\/b><i>Samael Aum Weor. Igneous Rose.<\/i><\/p>\n\n\n\n<p>Wie in der Geb\u00e4rmutter ist es also m\u00f6glich, ein Kind zu zeugen. <a href=\"https:\/\/gnosis.is\/de\/blog\/2021\/06\/13\/die-weisheit-im-moment-zu-leben\/\">Leben<\/a>Im Kehlkopf k\u00f6nnen Worte erzeugt werden, deren Wirkung dazu beitr\u00e4gt, unsere Umwelt und uns selbst zu verbessern.<\/p>\n\n\n\n<p>Ma\u00dfnahmen auf der Ebene der&nbsp; <a href=\"https:\/\/gnosis.is\/de\/blog\/2021\/09\/01\/eine-botschaft-an-das-gewissen-klassische-marchen\/\">Gewissen<\/a> Die Nutzung der vibrierenden Energie, die unser eigener Organismus erzeugt, um unsere eigene Selbstregeneration zu schaffen, ist durch die \u00dcbungen m\u00f6glich, die in unseren Selbsterkenntniskursen vermittelt werden.<\/p>\n\n\n\n<p>&nbsp;Sich des Ausma\u00dfes und der Tragweite der Worte bewusst zu sein, die man ausspricht, um etwas zu schaffen, ist die Herausforderung f\u00fcr jeden Studenten der Theologie. <a href=\"https:\/\/gnosis.is\/de\/blog\/2020\/06\/04\/was-ist-selbsterkenntnis\/\">Selbsterkenntnis<\/a> .<\/p>\n\n\n\n<p>Wenn Sie lernen m\u00f6chten, die wunderbare Macht der Worte bewusst zu nutzen, laden wir Sie ein, sich f\u00fcr die kostenlosen und frei zug\u00e4nglichen Kurse zur Selbsterkenntnis anzumelden, die unsere Institution anbietet. Dort erhalten Sie die Werkzeuge und Praktiken, um dies zu erreichen.<\/p>","protected":false},"excerpt":{"rendered":"<p>Die uralte Magie des Verbs Wir leben in einer Welt, die aus W\u00f6rtern besteht. Worte sind nicht nur Mittel der Kommunikation, sie dr\u00fccken eine ganze Idee aus und geben Gef\u00fchlen eine Bedeutung oder nehmen sie an. Worte bestimmen fast alles in dieser Welt, im sozialen, politischen und kulturellen Leben. Die Verwendung [...]<\/p>","protected":false},"author":28,"featured_media":9802,"comment_status":"open","ping_status":"closed","sticky":false,"template":"","format":"standard","meta":{"footnotes":""},"categories":[1],"tags":[223,224],"class_list":["post-9780","post","type-post","status-publish","format-standard","has-post-thumbnail","hentry","category-sin-categoria","tag-el-poder-de-la-palabra","tag-las-runas"],"yoast_head":"<!-- This site is optimized with the Yoast SEO Premium plugin v24.7 (Yoast SEO v24.7) - https:\/\/yoast.com\/wordpress\/plugins\/seo\/ -->\n<title>El poder de la palabra &#8211; Gnosis Internacional<\/title>\n<meta name=\"description\" content=\"El poder de la palabra fue bien conocido y utilizado por todas las culturas ancestrales. Hoy tambi\u00e9n podemos aprender a utilizarlo.\" \/>\n<meta name=\"robots\" content=\"index, follow, max-snippet:-1, max-image-preview:large, max-video-preview:-1\" \/>\n<link rel=\"canonical\" href=\"https:\/\/gnosis.is\/de\/blog\/2021\/10\/30\/die-macht-des-wortes\/\" \/>\n<meta property=\"og:locale\" content=\"de_DE\" \/>\n<meta property=\"og:type\" content=\"article\" \/>\n<meta property=\"og:title\" content=\"El poder de la palabra\" \/>\n<meta property=\"og:description\" content=\"El poder de la palabra fue bien conocido y utilizado por todas las culturas ancestrales. Hoy tambi\u00e9n podemos aprender a utilizarlo.\" \/>\n<meta property=\"og:url\" content=\"https:\/\/gnosis.is\/de\/blog\/2021\/10\/30\/die-macht-des-wortes\/\" \/>\n<meta property=\"og:site_name\" content=\"Gnosis Internacional\" \/>\n<meta property=\"article:publisher\" content=\"https:\/\/www.facebook.com\/Gnosis.ES\/\" \/>\n<meta property=\"article:published_time\" content=\"2021-10-30T17:34:34+00:00\" \/>\n<meta property=\"article:modified_time\" content=\"2025-03-31T20:07:20+00:00\" \/>\n<meta property=\"og:image\" content=\"https:\/\/gnosis.is\/wp-content\/uploads\/2021\/10\/WhatsApp-Image-2021-03-24-at-22.07.43-2.jpeg\" \/>\n\t<meta property=\"og:image:width\" content=\"960\" \/>\n\t<meta property=\"og:image:height\" content=\"720\" \/>\n\t<meta property=\"og:image:type\" content=\"image\/jpeg\" \/>\n<meta name=\"author\" content=\"Autor\" \/>\n<meta name=\"twitter:card\" content=\"summary_large_image\" \/>\n<meta name=\"twitter:creator\" content=\"@gnosisinter\" \/>\n<meta name=\"twitter:site\" content=\"@gnosisinter\" \/>\n<meta name=\"twitter:label1\" content=\"Geschrieben von\" \/>\n\t<meta name=\"twitter:data1\" content=\"Autor\" \/>\n\t<meta name=\"twitter:label2\" content=\"Gesch\u00e4tzte Lesezeit\" \/>\n\t<meta name=\"twitter:data2\" content=\"6\u00a0Minuten\" \/>\n<script type=\"application\/ld+json\" class=\"yoast-schema-graph\">{\"@context\":\"https:\/\/schema.org\",\"@graph\":[{\"@type\":\"Article\",\"@id\":\"https:\/\/gnosis.is\/blog\/2021\/10\/30\/el-poder-de-la-palabra\/#article\",\"isPartOf\":{\"@id\":\"https:\/\/gnosis.is\/blog\/2021\/10\/30\/el-poder-de-la-palabra\/\"},\"author\":{\"name\":\"Autor\",\"@id\":\"https:\/\/gnosis.is\/#\/schema\/person\/854185f66165293c1815affdc9835435\"},\"headline\":\"El poder de la palabra\",\"datePublished\":\"2021-10-30T17:34:34+00:00\",\"dateModified\":\"2025-03-31T20:07:20+00:00\",\"mainEntityOfPage\":{\"@id\":\"https:\/\/gnosis.is\/blog\/2021\/10\/30\/el-poder-de-la-palabra\/\"},\"wordCount\":1170,\"commentCount\":0,\"publisher\":{\"@id\":\"https:\/\/gnosis.is\/#organization\"},\"image\":{\"@id\":\"https:\/\/gnosis.is\/blog\/2021\/10\/30\/el-poder-de-la-palabra\/#primaryimage\"},\"thumbnailUrl\":\"https:\/\/gnosis.is\/wp-content\/uploads\/2021\/10\/WhatsApp-Image-2021-03-24-at-22.07.43-2.jpeg\",\"keywords\":[\"el poder de la palabra\",\"las runas\"],\"articleSection\":[\"Sin categor\u00eda\"],\"inLanguage\":\"de\",\"potentialAction\":[{\"@type\":\"CommentAction\",\"name\":\"Comment\",\"target\":[\"https:\/\/gnosis.is\/blog\/2021\/10\/30\/el-poder-de-la-palabra\/#respond\"]}]},{\"@type\":\"WebPage\",\"@id\":\"https:\/\/gnosis.is\/blog\/2021\/10\/30\/el-poder-de-la-palabra\/\",\"url\":\"https:\/\/gnosis.is\/blog\/2021\/10\/30\/el-poder-de-la-palabra\/\",\"name\":\"El poder de la palabra &#8211; Gnosis Internacional\",\"isPartOf\":{\"@id\":\"https:\/\/gnosis.is\/#website\"},\"primaryImageOfPage\":{\"@id\":\"https:\/\/gnosis.is\/blog\/2021\/10\/30\/el-poder-de-la-palabra\/#primaryimage\"},\"image\":{\"@id\":\"https:\/\/gnosis.is\/blog\/2021\/10\/30\/el-poder-de-la-palabra\/#primaryimage\"},\"thumbnailUrl\":\"https:\/\/gnosis.is\/wp-content\/uploads\/2021\/10\/WhatsApp-Image-2021-03-24-at-22.07.43-2.jpeg\",\"datePublished\":\"2021-10-30T17:34:34+00:00\",\"dateModified\":\"2025-03-31T20:07:20+00:00\",\"description\":\"El poder de la palabra fue bien conocido y utilizado por todas las culturas ancestrales. Hoy tambi\u00e9n podemos aprender a utilizarlo.\",\"breadcrumb\":{\"@id\":\"https:\/\/gnosis.is\/blog\/2021\/10\/30\/el-poder-de-la-palabra\/#breadcrumb\"},\"inLanguage\":\"de\",\"potentialAction\":[{\"@type\":\"ReadAction\",\"target\":[\"https:\/\/gnosis.is\/blog\/2021\/10\/30\/el-poder-de-la-palabra\/\"]}]},{\"@type\":\"ImageObject\",\"inLanguage\":\"de\",\"@id\":\"https:\/\/gnosis.is\/blog\/2021\/10\/30\/el-poder-de-la-palabra\/#primaryimage\",\"url\":\"https:\/\/gnosis.is\/wp-content\/uploads\/2021\/10\/WhatsApp-Image-2021-03-24-at-22.07.43-2.jpeg\",\"contentUrl\":\"https:\/\/gnosis.is\/wp-content\/uploads\/2021\/10\/WhatsApp-Image-2021-03-24-at-22.07.43-2.jpeg\",\"width\":960,\"height\":720,\"caption\":\"El poder de la palabra\"},{\"@type\":\"BreadcrumbList\",\"@id\":\"https:\/\/gnosis.is\/blog\/2021\/10\/30\/el-poder-de-la-palabra\/#breadcrumb\",\"itemListElement\":[{\"@type\":\"ListItem\",\"position\":1,\"name\":\"Home\",\"item\":\"https:\/\/gnosis.is\/\"},{\"@type\":\"ListItem\",\"position\":2,\"name\":\"El poder de la palabra\"}]},{\"@type\":\"WebSite\",\"@id\":\"https:\/\/gnosis.is\/#website\",\"url\":\"https:\/\/gnosis.is\/\",\"name\":\"Cultura Gn\u00f3stica Espa\u00f1ol\",\"description\":\"Valores humanos, conciencia, filosof\u00eda, psicolog\u00eda gn\u00f3stica.\",\"publisher\":{\"@id\":\"https:\/\/gnosis.is\/#organization\"},\"potentialAction\":[{\"@type\":\"SearchAction\",\"target\":{\"@type\":\"EntryPoint\",\"urlTemplate\":\"https:\/\/gnosis.is\/?s={search_term_string}\"},\"query-input\":{\"@type\":\"PropertyValueSpecification\",\"valueRequired\":true,\"valueName\":\"search_term_string\"}}],\"inLanguage\":\"de\"},{\"@type\":\"Organization\",\"@id\":\"https:\/\/gnosis.is\/#organization\",\"name\":\"Cultura Gn\u00f3stica\",\"url\":\"https:\/\/gnosis.is\/\",\"logo\":{\"@type\":\"ImageObject\",\"inLanguage\":\"de\",\"@id\":\"https:\/\/gnosis.is\/#\/schema\/logo\/image\/\",\"url\":\"https:\/\/gnosis.is\/wp-content\/uploads\/2019\/07\/logoNuevo300.png\",\"contentUrl\":\"https:\/\/gnosis.is\/wp-content\/uploads\/2019\/07\/logoNuevo300.png\",\"width\":300,\"height\":306,\"caption\":\"Cultura Gn\u00f3stica\"},\"image\":{\"@id\":\"https:\/\/gnosis.is\/#\/schema\/logo\/image\/\"},\"sameAs\":[\"https:\/\/www.facebook.com\/Gnosis.ES\/\",\"https:\/\/x.com\/gnosisinter\",\"https:\/\/www.instagram.com\/gnosisinter\/\",\"https:\/\/www.youtube.com\/channel\/UCu7CGV0APUr8uXC9dzb9FKQ?sub_confirmation=1\"]},{\"@type\":\"Person\",\"@id\":\"https:\/\/gnosis.is\/#\/schema\/person\/854185f66165293c1815affdc9835435\",\"name\":\"Autor\",\"image\":{\"@type\":\"ImageObject\",\"inLanguage\":\"de\",\"@id\":\"https:\/\/gnosis.is\/#\/schema\/person\/image\/\",\"url\":\"https:\/\/secure.gravatar.com\/avatar\/ee5afce77539230a669e9de4d10c2473?s=96&d=mm&r=g\",\"contentUrl\":\"https:\/\/secure.gravatar.com\/avatar\/ee5afce77539230a669e9de4d10c2473?s=96&d=mm&r=g\",\"caption\":\"Autor\"},\"url\":\"https:\/\/gnosis.is\/de\/blog\/author\/sautor1950\/\"}]}<\/script>\n<!-- \/ Yoast SEO Premium plugin. -->","yoast_head_json":{"title":"El poder de la palabra &#8211; Gnosis Internacional","description":"El poder de la palabra fue bien conocido y utilizado por todas las culturas ancestrales. Hoy tambi\u00e9n podemos aprender a utilizarlo.","robots":{"index":"index","follow":"follow","max-snippet":"max-snippet:-1","max-image-preview":"max-image-preview:large","max-video-preview":"max-video-preview:-1"},"canonical":"https:\/\/gnosis.is\/de\/blog\/2021\/10\/30\/die-macht-des-wortes\/","og_locale":"de_DE","og_type":"article","og_title":"El poder de la palabra","og_description":"El poder de la palabra fue bien conocido y utilizado por todas las culturas ancestrales. Hoy tambi\u00e9n podemos aprender a utilizarlo.","og_url":"https:\/\/gnosis.is\/de\/blog\/2021\/10\/30\/die-macht-des-wortes\/","og_site_name":"Gnosis Internacional","article_publisher":"https:\/\/www.facebook.com\/Gnosis.ES\/","article_published_time":"2021-10-30T17:34:34+00:00","article_modified_time":"2025-03-31T20:07:20+00:00","og_image":[{"width":960,"height":720,"url":"https:\/\/gnosis.is\/wp-content\/uploads\/2021\/10\/WhatsApp-Image-2021-03-24-at-22.07.43-2.jpeg","type":"image\/jpeg"}],"author":"Autor","twitter_card":"summary_large_image","twitter_creator":"@gnosisinter","twitter_site":"@gnosisinter","twitter_misc":{"Geschrieben von":"Autor","Gesch\u00e4tzte Lesezeit":"6\u00a0Minuten"},"schema":{"@context":"https:\/\/schema.org","@graph":[{"@type":"Article","@id":"https:\/\/gnosis.is\/blog\/2021\/10\/30\/el-poder-de-la-palabra\/#article","isPartOf":{"@id":"https:\/\/gnosis.is\/blog\/2021\/10\/30\/el-poder-de-la-palabra\/"},"author":{"name":"Autor","@id":"https:\/\/gnosis.is\/#\/schema\/person\/854185f66165293c1815affdc9835435"},"headline":"El poder de la palabra","datePublished":"2021-10-30T17:34:34+00:00","dateModified":"2025-03-31T20:07:20+00:00","mainEntityOfPage":{"@id":"https:\/\/gnosis.is\/blog\/2021\/10\/30\/el-poder-de-la-palabra\/"},"wordCount":1170,"commentCount":0,"publisher":{"@id":"https:\/\/gnosis.is\/#organization"},"image":{"@id":"https:\/\/gnosis.is\/blog\/2021\/10\/30\/el-poder-de-la-palabra\/#primaryimage"},"thumbnailUrl":"https:\/\/gnosis.is\/wp-content\/uploads\/2021\/10\/WhatsApp-Image-2021-03-24-at-22.07.43-2.jpeg","keywords":["el poder de la palabra","las runas"],"articleSection":["Sin categor\u00eda"],"inLanguage":"de","potentialAction":[{"@type":"CommentAction","name":"Comment","target":["https:\/\/gnosis.is\/blog\/2021\/10\/30\/el-poder-de-la-palabra\/#respond"]}]},{"@type":"WebPage","@id":"https:\/\/gnosis.is\/blog\/2021\/10\/30\/el-poder-de-la-palabra\/","url":"https:\/\/gnosis.is\/blog\/2021\/10\/30\/el-poder-de-la-palabra\/","name":"El poder de la palabra &#8211; Gnosis Internacional","isPartOf":{"@id":"https:\/\/gnosis.is\/#website"},"primaryImageOfPage":{"@id":"https:\/\/gnosis.is\/blog\/2021\/10\/30\/el-poder-de-la-palabra\/#primaryimage"},"image":{"@id":"https:\/\/gnosis.is\/blog\/2021\/10\/30\/el-poder-de-la-palabra\/#primaryimage"},"thumbnailUrl":"https:\/\/gnosis.is\/wp-content\/uploads\/2021\/10\/WhatsApp-Image-2021-03-24-at-22.07.43-2.jpeg","datePublished":"2021-10-30T17:34:34+00:00","dateModified":"2025-03-31T20:07:20+00:00","description":"El poder de la palabra fue bien conocido y utilizado por todas las culturas ancestrales. Hoy tambi\u00e9n podemos aprender a utilizarlo.","breadcrumb":{"@id":"https:\/\/gnosis.is\/blog\/2021\/10\/30\/el-poder-de-la-palabra\/#breadcrumb"},"inLanguage":"de","potentialAction":[{"@type":"ReadAction","target":["https:\/\/gnosis.is\/blog\/2021\/10\/30\/el-poder-de-la-palabra\/"]}]},{"@type":"ImageObject","inLanguage":"de","@id":"https:\/\/gnosis.is\/blog\/2021\/10\/30\/el-poder-de-la-palabra\/#primaryimage","url":"https:\/\/gnosis.is\/wp-content\/uploads\/2021\/10\/WhatsApp-Image-2021-03-24-at-22.07.43-2.jpeg","contentUrl":"https:\/\/gnosis.is\/wp-content\/uploads\/2021\/10\/WhatsApp-Image-2021-03-24-at-22.07.43-2.jpeg","width":960,"height":720,"caption":"El poder de la palabra"},{"@type":"BreadcrumbList","@id":"https:\/\/gnosis.is\/blog\/2021\/10\/30\/el-poder-de-la-palabra\/#breadcrumb","itemListElement":[{"@type":"ListItem","position":1,"name":"Home","item":"https:\/\/gnosis.is\/"},{"@type":"ListItem","position":2,"name":"El poder de la palabra"}]},{"@type":"WebSite","@id":"https:\/\/gnosis.is\/#website","url":"https:\/\/gnosis.is\/","name":"Cultura Gn\u00f3stica Espa\u00f1ol","description":"Valores humanos, conciencia, filosof\u00eda, psicolog\u00eda gn\u00f3stica.","publisher":{"@id":"https:\/\/gnosis.is\/#organization"},"potentialAction":[{"@type":"SearchAction","target":{"@type":"EntryPoint","urlTemplate":"https:\/\/gnosis.is\/?s={search_term_string}"},"query-input":{"@type":"PropertyValueSpecification","valueRequired":true,"valueName":"search_term_string"}}],"inLanguage":"de"},{"@type":"Organization","@id":"https:\/\/gnosis.is\/#organization","name":"Cultura Gn\u00f3stica","url":"https:\/\/gnosis.is\/","logo":{"@type":"ImageObject","inLanguage":"de","@id":"https:\/\/gnosis.is\/#\/schema\/logo\/image\/","url":"https:\/\/gnosis.is\/wp-content\/uploads\/2019\/07\/logoNuevo300.png","contentUrl":"https:\/\/gnosis.is\/wp-content\/uploads\/2019\/07\/logoNuevo300.png","width":300,"height":306,"caption":"Cultura Gn\u00f3stica"},"image":{"@id":"https:\/\/gnosis.is\/#\/schema\/logo\/image\/"},"sameAs":["https:\/\/www.facebook.com\/Gnosis.ES\/","https:\/\/x.com\/gnosisinter","https:\/\/www.instagram.com\/gnosisinter\/","https:\/\/www.youtube.com\/channel\/UCu7CGV0APUr8uXC9dzb9FKQ?sub_confirmation=1"]},{"@type":"Person","@id":"https:\/\/gnosis.is\/#\/schema\/person\/854185f66165293c1815affdc9835435","name":"Autor","image":{"@type":"ImageObject","inLanguage":"de","@id":"https:\/\/gnosis.is\/#\/schema\/person\/image\/","url":"https:\/\/secure.gravatar.com\/avatar\/ee5afce77539230a669e9de4d10c2473?s=96&d=mm&r=g","contentUrl":"https:\/\/secure.gravatar.com\/avatar\/ee5afce77539230a669e9de4d10c2473?s=96&d=mm&r=g","caption":"Autor"},"url":"https:\/\/gnosis.is\/de\/blog\/author\/sautor1950\/"}]}},"_links":{"self":[{"href":"https:\/\/gnosis.is\/de\/wp-json\/wp\/v2\/posts\/9780","targetHints":{"allow":["GET"]}}],"collection":[{"href":"https:\/\/gnosis.is\/de\/wp-json\/wp\/v2\/posts"}],"about":[{"href":"https:\/\/gnosis.is\/de\/wp-json\/wp\/v2\/types\/post"}],"author":[{"embeddable":true,"href":"https:\/\/gnosis.is\/de\/wp-json\/wp\/v2\/users\/28"}],"replies":[{"embeddable":true,"href":"https:\/\/gnosis.is\/de\/wp-json\/wp\/v2\/comments?post=9780"}],"version-history":[{"count":2,"href":"https:\/\/gnosis.is\/de\/wp-json\/wp\/v2\/posts\/9780\/revisions"}],"predecessor-version":[{"id":12948,"href":"https:\/\/gnosis.is\/de\/wp-json\/wp\/v2\/posts\/9780\/revisions\/12948"}],"wp:featuredmedia":[{"embeddable":true,"href":"https:\/\/gnosis.is\/de\/wp-json\/wp\/v2\/media\/9802"}],"wp:attachment":[{"href":"https:\/\/gnosis.is\/de\/wp-json\/wp\/v2\/media?parent=9780"}],"wp:term":[{"taxonomy":"category","embeddable":true,"href":"https:\/\/gnosis.is\/de\/wp-json\/wp\/v2\/categories?post=9780"},{"taxonomy":"post_tag","embeddable":true,"href":"https:\/\/gnosis.is\/de\/wp-json\/wp\/v2\/tags?post=9780"}],"curies":[{"name":"wp","href":"https:\/\/api.w.org\/{rel}","templated":true}]}}