{"id":9780,"date":"2021-10-30T18:34:34","date_gmt":"2021-10-30T17:34:34","guid":{"rendered":"http:\/\/gnosis-is.m-offers.com\/?p=9780"},"modified":"2025-03-31T21:07:20","modified_gmt":"2025-03-31T20:07:20","slug":"el-poder-de-la-palabra","status":"publish","type":"post","link":"https:\/\/gnosis.is\/it\/blog\/2021\/10\/30\/il-potere-della-parola\/","title":{"rendered":"Il potere della parola"},"content":{"rendered":"<h2 class=\"wp-block-heading\" id=\"h-la-antigua-magia-del-verbo\"><strong>L'antica magia del verbo\u00a0<\/strong><\/h2>\n\n\n\n<p>Viviamo in un mondo fatto di parole. Le parole non sono solo semplici modi di comunicare, ma esprimono un'intera idea e danno o tolgono significato alle emozioni. Le parole sono quasi tutto in questo mondo. <a href=\"https:\/\/gnosis.is\/it\/blog\/2021\/05\/01\/es-posible-una-vida-sin-problemas\/%c2%a0\/\">vita<\/a> socialmente, politicamente e culturalmente. L'uso delle parole, pi\u00f9 di ogni altro fattore, determina il modo in cui pensiamo e sentiamo. A tal punto che il modo in cui vengono raccontate le storie o gli eventi ha un effetto decisivo sul modo in cui percepiamo la realt\u00e0 e sul modo in cui la leggiamo. La nostra opinione individuale \u00e8 formata dalle parole.<\/p>\n\n\n\n<p><b><i>\"Le parole possono essere come i raggi X, se usate correttamente: passano attraverso tutto\". <\/i><\/b><i>Aldous Huxley<\/i><\/p>\n\n\n\n<h2 class=\"wp-block-heading\" id=\"h-el-uso-de-las-palabras-en-las-culturas-nbsp-ancestrales\"><strong>L'uso delle parole nelle culture antiche<\/strong><\/h2>\n\n\n\n<h2 class=\"wp-block-heading\" id=\"h-\"><b><figure><img fetchpriority=\"high\" decoding=\"async\" src=\"https:\/\/gnosis.is\/wp-content\/uploads\/2021\/03\/descarga.jpg\" alt=\"Le parole nelle culture antiche\" width=\"356\" height=\"235\"><\/figure><\/b><\/h2>\n\n\n\n<p>Per le civilt\u00e0 antiche, l'uso delle parole non era limitato alla comunicazione di idee o sentimenti. Erano anche l'espressione di una forza, capace di tradursi in un fatto reale e concreto.&nbsp;<\/p>\n\n\n\n<p>Gli Egizi, per esempio, pensavano che la parola possedesse un'intensa <a href=\"https:\/\/gnosis.is\/it\/blog\/2021\/04\/17\/il-potere-della-musica-classica\/\">potenza<\/a>&nbsp;magica, grazie alla quale i sacerdoti, che erano molto esperti di <a href=\"https:\/\/gnosis.is\/it\/blog\/2020\/05\/07\/magia-elemental-de-la-naturaleza-el-dominio-de-la-naturaleza-interior\/\">natura<\/a>&nbsp;Il Faraone stesso, quando desiderava qualcosa, lo comandava attraverso le sue parole; questi comandi venivano immediatamente obbediti dagli uomini, in modo che la parola del Faraone, il dio sulla terra, creasse la creazione degli dei. Il Faraone stesso, quando desiderava qualcosa, lo comandava attraverso le sue parole; questi comandi venivano immediatamente obbediti dagli uomini, in modo che la parola del Faraone, dio sulla terra, creasse la realt\u00e0, giorno dopo giorno.<\/p>\n\n\n\n<p>\"<b><i>Io sono la Grande Parola\". <\/i><\/b><b>Il Faraone.Testi delle piramidi.<\/b><\/p>\n\n\n\n<p>\u00c8 scritto in <a href=\"https:\/\/gnosis.is\/it\/blog\/2020\/11\/05\/los-libros-sagrados-y-la-verdad-unica\/\">I libri sacri<\/a> La parola, inclusa nel bereshit della Torah ebraica, cos\u00ec come nella genesi dell'Antico Testamento della Bibbia cristiana, \u00e8 intimamente legata, la parola, al potere onnipotente del creatore:<\/p>\n\n\n\n<p><b>\"1_<\/b><b><i> In principio era il Verbo, e il Verbo era con Dio, e il Verbo era Dio.<\/i><\/b><\/p>\n\n\n\n<p><b><i>2 _ Questo era all'inizio con Dio.<\/i><\/b><\/p>\n\n\n\n<p><b><i>3_ Tutte le cose sono state fatte per mezzo di lui; e senza di lui non \u00e8 stato fatto nulla di ci\u00f2 che \u00e8 stato fatto\". Giovanni 1:1-3<\/i><\/b><\/p>\n\n\n\n<p>Per gli antichi popoli delle Americhe, le parole e soprattutto il canto (la parola \"canzone\") erano il mezzo di comunicazione pi\u00f9 importante. <a href=\"https:\/\/gnosis.is\/it\/blog\/2021\/03\/25\/la-musica-y-el-equilibrio-interior\/\">musicale<\/a> o cantato), possedeva un potere magico e di guarigione, poich\u00e9 la loro visione del mondo permetteva loro di avere un rapporto intimo con <a href=\"https:\/\/gnosis.is\/it\/blog\/2020\/05\/05\/el-alma-de-la-naturaleza\/\">natura<\/a>attraverso il rispetto e la cura del proprio habitat. Pertanto <a href=\"https:\/\/gnosis.is\/it\/blog\/2020\/05\/29\/la-magia-e-nella-vita\/\">vita<\/a>Nelle loro molteplici manifestazioni, si esprimono anche attraverso le parole e il canto; come materializzazione di un piano spirituale. Per questo motivo, ci sono parole nella lingua nativa che intrecciano il piano materiale con quello spirituale in un modo poetico che impedisce di tradurle letteralmente in altre lingue.<\/p>\n\n\n\n<p><b>\"<\/b><b><i>Apapachar \u00e8 la parola pi\u00f9 bella che la lingua nahuatl ha dato alla lingua spagnola, poich\u00e9 significa <\/i><\/b><b><i>abbracciare o accarezzare con l'anima\".<\/i><\/b><\/p>\n\n\n\n<p>Il <a href=\"https:\/\/gnosis.is\/it\/blog\/2020\/07\/05\/la-sabiduria-a-traves-del-silencio-mental\/\">&nbsp;saggezza <\/a>&nbsp;della cultura celtica, merita una sezione speciale, in quanto gli echi del suo alfabeto magico e tutta la bellezza dell'origine delle fiabe e degli esseri soprannaturali, frutto della trasmissione orale della sua storia antica, ci raggiungono ancora oggi. Questo alfabeto, noto come rune, era sacro. La cultura norrena o vichinga dice che fu dato dal Dio Odino, il grande creatore che pu\u00f2 fare qualsiasi cosa. Era un modo per comunicare con il suo popolo, per inviargli le sue benedizioni o per avvertirlo dei suoi nemici. Aveva un carattere divino, ma cadde in disuso quando il Cristianesimo lo consider\u00f2 pagano e perseguit\u00f2 coloro che lo usavano.<\/p>\n\n\n\n<p>&nbsp;\"<b><i>Questo linguaggio genetico primitivo unico, padre di tutte le lingue umane, \u00e8 il RUNES, che i primi uomini incisero sulle pietre con mani sante\". <\/i><\/b><i>Krumm Heller. Corso runico.<\/i><\/p>\n\n\n\n<p>&nbsp;Le parole nascono dall'unione di diversi suoni o fonemi, che danno un nome ad ogni cosa esistente, ma ci sono parole che, essendo inudibili per l'orecchio umano, non possiamo nemmeno pronunciare.<\/p>\n\n\n\n<h2 class=\"wp-block-heading\" id=\"h-las-palabras-y-su-efecto\"><b>Le parole e il loro effetto<figure><img decoding=\"async\" src=\"https:\/\/gnosis.is\/wp-content\/uploads\/2021\/10\/WhatsApp-Image-2021-03-24-at-22.10.09-300x225.jpeg\" alt=\"Le parole e il loro effetto\" width=\"380\" height=\"285\"><\/figure><\/b><\/h2>\n\n\n\n<p><b><i>\"Il risultato delle parole pronunciate deve essere nobilmente calcolato. Perch\u00e9 molte volte si feriscono gli altri con le parole, inconsapevolmente\" Samael aum Weor. Teurgia del Mantram Logos.<\/i><\/b><\/p>\n\n\n\n<p>Le parole sono uno specchio del pensiero. Esiste un rapporto direttamente proporzionale tra l'ordine e la chiarezza del pensiero, da un lato, e le manifestazioni attraverso il linguaggio, dall'altro.&nbsp;<\/p>\n\n\n\n<p>Abbiamo pi\u00f9 forme di comunicazione sociale e mediatica, ma la comunicazione interpersonale ne ha risentito.<\/p>\n\n\n\n<p>A causa dell'impoverimento della cultura, subiamo anche un impoverimento del linguaggio, impedendo una comunicazione approfondita, cadendo spesso nella superficialit\u00e0 e non riuscendo a comunicare un'idea, un sentimento, ecc.<\/p>\n\n\n\n<p>Ci\u00f2 che diciamo, la parola, ha un effetto costruttivo o distruttivo a seconda del suo contenuto. Anche l'intonazione e il linguaggio non verbale applicato.<\/p>\n\n\n\n<p>Senza dubbio, l'effetto delle parole \u00e8 spiegato dal tipo di energia di cui sono impregnate e dall'intenzione con cui sono state emesse.&nbsp;<\/p>\n\n\n\n<p>Nell'esoterismo, questa qualit\u00e0 delle parole \u00e8 chiamata: \"Geometria della parola\".<\/p>\n\n\n\n<p><b>\"L<\/b><b><i>e parole producono figure geometriche oggettive. Queste figure sono piene di materia cosmica e si cristallizzano materialmente\". Samael Aum Weor. Teurgia del Mantram Logos.<\/i><\/b><\/p>\n\n\n\n<h2 class=\"wp-block-heading\" id=\"h-la-laringe-creadora\"><b>La laringe creativa<\/b><\/h2>\n\n\n\n<p>La laringe e l'utero non sono solo fisicamente simili - hanno un canale cavo, vuoto e umido - ma questi organi hanno reazioni simili, chiudendosi o dilatandosi a seconda dello stimolo, ed entrambi sono coordinati dal sistema parasimpatico.<\/p>\n\n\n\n<p><b><i>\"La gola \u00e8 un grembo, dove la parola viene gestita\".<\/i><\/b><i>Samael Aum Weor. Rosa Ignea.<\/i><\/p>\n\n\n\n<p>Quindi, come nell'utero, \u00e8 possibile far nascere un <a href=\"https:\/\/gnosis.is\/it\/blog\/2021\/06\/13\/la-sabiduria-de-vivir-el-instante\/\">vita<\/a>Nella laringe si possono creare parole il cui effetto aiuta a migliorare il nostro ambiente e noi stessi.<\/p>\n\n\n\n<p>L'azione a livello del&nbsp; <a href=\"https:\/\/gnosis.is\/it\/blog\/2021\/09\/01\/un-messaggio-alla-coscienza-fiabe-classiche\/\">coscienza<\/a> Sfruttare l'energia vibrante che il nostro organismo genera, per creare la nostra auto-rigenerazione, \u00e8 possibile attraverso le pratiche che vengono fornite nei nostri corsi di autoconoscenza.<\/p>\n\n\n\n<p>&nbsp;Essere consapevoli dell'ampiezza e della portata delle parole che si pronunciano, per creare, \u00e8 la sfida di ogni studente della scuola primaria. <a href=\"https:\/\/gnosis.is\/it\/blog\/2020\/06\/04\/che-cose-la-conoscenza-di-se\/\">conoscenza di s\u00e9<\/a> .<\/p>\n\n\n\n<p>Se \u00e8 interessato a imparare a usare il meraviglioso potere delle parole in modo consapevole, la invitiamo a iscriversi ai corsi di autoconoscenza gratuiti e ad accesso libero che la nostra istituzione offre; e l\u00ec otterr\u00e0 gli strumenti e le pratiche per riuscirci.<\/p>","protected":false},"excerpt":{"rendered":"<p>L'antica magia del verbo Viviamo in un mondo fatto di parole. Le parole non sono solo un modo di comunicare, ma esprimono un'intera idea e danno o tolgono significato alle emozioni. Le parole sono quasi tutto in questo mondo; nella vita sociale, politica e culturale. L'uso [...]<\/p>","protected":false},"author":28,"featured_media":9802,"comment_status":"open","ping_status":"closed","sticky":false,"template":"","format":"standard","meta":{"footnotes":""},"categories":[1],"tags":[223,224],"class_list":["post-9780","post","type-post","status-publish","format-standard","has-post-thumbnail","hentry","category-sin-categoria","tag-el-poder-de-la-palabra","tag-las-runas"],"yoast_head":"<!-- This site is optimized with the Yoast SEO Premium plugin v24.7 (Yoast SEO v24.7) - https:\/\/yoast.com\/wordpress\/plugins\/seo\/ -->\n<title>El poder de la palabra &#8211; Gnosis Internacional<\/title>\n<meta name=\"description\" content=\"El poder de la palabra fue bien conocido y utilizado por todas las culturas ancestrales. Hoy tambi\u00e9n podemos aprender a utilizarlo.\" \/>\n<meta name=\"robots\" content=\"index, follow, max-snippet:-1, max-image-preview:large, max-video-preview:-1\" \/>\n<link rel=\"canonical\" href=\"https:\/\/gnosis.is\/it\/blog\/2021\/10\/30\/il-potere-della-parola\/\" \/>\n<meta property=\"og:locale\" content=\"it_IT\" \/>\n<meta property=\"og:type\" content=\"article\" \/>\n<meta property=\"og:title\" content=\"El poder de la palabra\" \/>\n<meta property=\"og:description\" content=\"El poder de la palabra fue bien conocido y utilizado por todas las culturas ancestrales. Hoy tambi\u00e9n podemos aprender a utilizarlo.\" \/>\n<meta property=\"og:url\" content=\"https:\/\/gnosis.is\/it\/blog\/2021\/10\/30\/il-potere-della-parola\/\" \/>\n<meta property=\"og:site_name\" content=\"Gnosis Internacional\" \/>\n<meta property=\"article:publisher\" content=\"https:\/\/www.facebook.com\/Gnosis.ES\/\" \/>\n<meta property=\"article:published_time\" content=\"2021-10-30T17:34:34+00:00\" \/>\n<meta property=\"article:modified_time\" content=\"2025-03-31T20:07:20+00:00\" \/>\n<meta property=\"og:image\" content=\"https:\/\/gnosis.is\/wp-content\/uploads\/2021\/10\/WhatsApp-Image-2021-03-24-at-22.07.43-2.jpeg\" \/>\n\t<meta property=\"og:image:width\" content=\"960\" \/>\n\t<meta property=\"og:image:height\" content=\"720\" \/>\n\t<meta property=\"og:image:type\" content=\"image\/jpeg\" \/>\n<meta name=\"author\" content=\"Autor\" \/>\n<meta name=\"twitter:card\" content=\"summary_large_image\" \/>\n<meta name=\"twitter:creator\" content=\"@gnosisinter\" \/>\n<meta name=\"twitter:site\" content=\"@gnosisinter\" \/>\n<meta name=\"twitter:label1\" content=\"Scritto da\" \/>\n\t<meta name=\"twitter:data1\" content=\"Autor\" \/>\n\t<meta name=\"twitter:label2\" content=\"Tempo di lettura stimato\" \/>\n\t<meta name=\"twitter:data2\" content=\"6 minuti\" \/>\n<script type=\"application\/ld+json\" class=\"yoast-schema-graph\">{\"@context\":\"https:\/\/schema.org\",\"@graph\":[{\"@type\":\"Article\",\"@id\":\"https:\/\/gnosis.is\/blog\/2021\/10\/30\/el-poder-de-la-palabra\/#article\",\"isPartOf\":{\"@id\":\"https:\/\/gnosis.is\/blog\/2021\/10\/30\/el-poder-de-la-palabra\/\"},\"author\":{\"name\":\"Autor\",\"@id\":\"https:\/\/gnosis.is\/#\/schema\/person\/854185f66165293c1815affdc9835435\"},\"headline\":\"El poder de la palabra\",\"datePublished\":\"2021-10-30T17:34:34+00:00\",\"dateModified\":\"2025-03-31T20:07:20+00:00\",\"mainEntityOfPage\":{\"@id\":\"https:\/\/gnosis.is\/blog\/2021\/10\/30\/el-poder-de-la-palabra\/\"},\"wordCount\":1170,\"commentCount\":0,\"publisher\":{\"@id\":\"https:\/\/gnosis.is\/#organization\"},\"image\":{\"@id\":\"https:\/\/gnosis.is\/blog\/2021\/10\/30\/el-poder-de-la-palabra\/#primaryimage\"},\"thumbnailUrl\":\"https:\/\/gnosis.is\/wp-content\/uploads\/2021\/10\/WhatsApp-Image-2021-03-24-at-22.07.43-2.jpeg\",\"keywords\":[\"el poder de la palabra\",\"las runas\"],\"articleSection\":[\"Sin categor\u00eda\"],\"inLanguage\":\"it-IT\",\"potentialAction\":[{\"@type\":\"CommentAction\",\"name\":\"Comment\",\"target\":[\"https:\/\/gnosis.is\/blog\/2021\/10\/30\/el-poder-de-la-palabra\/#respond\"]}]},{\"@type\":\"WebPage\",\"@id\":\"https:\/\/gnosis.is\/blog\/2021\/10\/30\/el-poder-de-la-palabra\/\",\"url\":\"https:\/\/gnosis.is\/blog\/2021\/10\/30\/el-poder-de-la-palabra\/\",\"name\":\"El poder de la palabra &#8211; Gnosis Internacional\",\"isPartOf\":{\"@id\":\"https:\/\/gnosis.is\/#website\"},\"primaryImageOfPage\":{\"@id\":\"https:\/\/gnosis.is\/blog\/2021\/10\/30\/el-poder-de-la-palabra\/#primaryimage\"},\"image\":{\"@id\":\"https:\/\/gnosis.is\/blog\/2021\/10\/30\/el-poder-de-la-palabra\/#primaryimage\"},\"thumbnailUrl\":\"https:\/\/gnosis.is\/wp-content\/uploads\/2021\/10\/WhatsApp-Image-2021-03-24-at-22.07.43-2.jpeg\",\"datePublished\":\"2021-10-30T17:34:34+00:00\",\"dateModified\":\"2025-03-31T20:07:20+00:00\",\"description\":\"El poder de la palabra fue bien conocido y utilizado por todas las culturas ancestrales. Hoy tambi\u00e9n podemos aprender a utilizarlo.\",\"breadcrumb\":{\"@id\":\"https:\/\/gnosis.is\/blog\/2021\/10\/30\/el-poder-de-la-palabra\/#breadcrumb\"},\"inLanguage\":\"it-IT\",\"potentialAction\":[{\"@type\":\"ReadAction\",\"target\":[\"https:\/\/gnosis.is\/blog\/2021\/10\/30\/el-poder-de-la-palabra\/\"]}]},{\"@type\":\"ImageObject\",\"inLanguage\":\"it-IT\",\"@id\":\"https:\/\/gnosis.is\/blog\/2021\/10\/30\/el-poder-de-la-palabra\/#primaryimage\",\"url\":\"https:\/\/gnosis.is\/wp-content\/uploads\/2021\/10\/WhatsApp-Image-2021-03-24-at-22.07.43-2.jpeg\",\"contentUrl\":\"https:\/\/gnosis.is\/wp-content\/uploads\/2021\/10\/WhatsApp-Image-2021-03-24-at-22.07.43-2.jpeg\",\"width\":960,\"height\":720,\"caption\":\"El poder de la palabra\"},{\"@type\":\"BreadcrumbList\",\"@id\":\"https:\/\/gnosis.is\/blog\/2021\/10\/30\/el-poder-de-la-palabra\/#breadcrumb\",\"itemListElement\":[{\"@type\":\"ListItem\",\"position\":1,\"name\":\"Home\",\"item\":\"https:\/\/gnosis.is\/\"},{\"@type\":\"ListItem\",\"position\":2,\"name\":\"El poder de la palabra\"}]},{\"@type\":\"WebSite\",\"@id\":\"https:\/\/gnosis.is\/#website\",\"url\":\"https:\/\/gnosis.is\/\",\"name\":\"Cultura Gn\u00f3stica Espa\u00f1ol\",\"description\":\"Valores humanos, conciencia, filosof\u00eda, psicolog\u00eda gn\u00f3stica.\",\"publisher\":{\"@id\":\"https:\/\/gnosis.is\/#organization\"},\"potentialAction\":[{\"@type\":\"SearchAction\",\"target\":{\"@type\":\"EntryPoint\",\"urlTemplate\":\"https:\/\/gnosis.is\/?s={search_term_string}\"},\"query-input\":{\"@type\":\"PropertyValueSpecification\",\"valueRequired\":true,\"valueName\":\"search_term_string\"}}],\"inLanguage\":\"it-IT\"},{\"@type\":\"Organization\",\"@id\":\"https:\/\/gnosis.is\/#organization\",\"name\":\"Cultura Gn\u00f3stica\",\"url\":\"https:\/\/gnosis.is\/\",\"logo\":{\"@type\":\"ImageObject\",\"inLanguage\":\"it-IT\",\"@id\":\"https:\/\/gnosis.is\/#\/schema\/logo\/image\/\",\"url\":\"https:\/\/gnosis.is\/wp-content\/uploads\/2019\/07\/logoNuevo300.png\",\"contentUrl\":\"https:\/\/gnosis.is\/wp-content\/uploads\/2019\/07\/logoNuevo300.png\",\"width\":300,\"height\":306,\"caption\":\"Cultura Gn\u00f3stica\"},\"image\":{\"@id\":\"https:\/\/gnosis.is\/#\/schema\/logo\/image\/\"},\"sameAs\":[\"https:\/\/www.facebook.com\/Gnosis.ES\/\",\"https:\/\/x.com\/gnosisinter\",\"https:\/\/www.instagram.com\/gnosisinter\/\",\"https:\/\/www.youtube.com\/channel\/UCu7CGV0APUr8uXC9dzb9FKQ?sub_confirmation=1\"]},{\"@type\":\"Person\",\"@id\":\"https:\/\/gnosis.is\/#\/schema\/person\/854185f66165293c1815affdc9835435\",\"name\":\"Autor\",\"image\":{\"@type\":\"ImageObject\",\"inLanguage\":\"it-IT\",\"@id\":\"https:\/\/gnosis.is\/#\/schema\/person\/image\/\",\"url\":\"https:\/\/secure.gravatar.com\/avatar\/ee5afce77539230a669e9de4d10c2473?s=96&d=mm&r=g\",\"contentUrl\":\"https:\/\/secure.gravatar.com\/avatar\/ee5afce77539230a669e9de4d10c2473?s=96&d=mm&r=g\",\"caption\":\"Autor\"},\"url\":\"https:\/\/gnosis.is\/it\/blog\/author\/sautor1950\/\"}]}<\/script>\n<!-- \/ Yoast SEO Premium plugin. -->","yoast_head_json":{"title":"El poder de la palabra &#8211; Gnosis Internacional","description":"El poder de la palabra fue bien conocido y utilizado por todas las culturas ancestrales. Hoy tambi\u00e9n podemos aprender a utilizarlo.","robots":{"index":"index","follow":"follow","max-snippet":"max-snippet:-1","max-image-preview":"max-image-preview:large","max-video-preview":"max-video-preview:-1"},"canonical":"https:\/\/gnosis.is\/it\/blog\/2021\/10\/30\/il-potere-della-parola\/","og_locale":"it_IT","og_type":"article","og_title":"El poder de la palabra","og_description":"El poder de la palabra fue bien conocido y utilizado por todas las culturas ancestrales. Hoy tambi\u00e9n podemos aprender a utilizarlo.","og_url":"https:\/\/gnosis.is\/it\/blog\/2021\/10\/30\/il-potere-della-parola\/","og_site_name":"Gnosis Internacional","article_publisher":"https:\/\/www.facebook.com\/Gnosis.ES\/","article_published_time":"2021-10-30T17:34:34+00:00","article_modified_time":"2025-03-31T20:07:20+00:00","og_image":[{"width":960,"height":720,"url":"https:\/\/gnosis.is\/wp-content\/uploads\/2021\/10\/WhatsApp-Image-2021-03-24-at-22.07.43-2.jpeg","type":"image\/jpeg"}],"author":"Autor","twitter_card":"summary_large_image","twitter_creator":"@gnosisinter","twitter_site":"@gnosisinter","twitter_misc":{"Scritto da":"Autor","Tempo di lettura stimato":"6 minuti"},"schema":{"@context":"https:\/\/schema.org","@graph":[{"@type":"Article","@id":"https:\/\/gnosis.is\/blog\/2021\/10\/30\/el-poder-de-la-palabra\/#article","isPartOf":{"@id":"https:\/\/gnosis.is\/blog\/2021\/10\/30\/el-poder-de-la-palabra\/"},"author":{"name":"Autor","@id":"https:\/\/gnosis.is\/#\/schema\/person\/854185f66165293c1815affdc9835435"},"headline":"El poder de la palabra","datePublished":"2021-10-30T17:34:34+00:00","dateModified":"2025-03-31T20:07:20+00:00","mainEntityOfPage":{"@id":"https:\/\/gnosis.is\/blog\/2021\/10\/30\/el-poder-de-la-palabra\/"},"wordCount":1170,"commentCount":0,"publisher":{"@id":"https:\/\/gnosis.is\/#organization"},"image":{"@id":"https:\/\/gnosis.is\/blog\/2021\/10\/30\/el-poder-de-la-palabra\/#primaryimage"},"thumbnailUrl":"https:\/\/gnosis.is\/wp-content\/uploads\/2021\/10\/WhatsApp-Image-2021-03-24-at-22.07.43-2.jpeg","keywords":["el poder de la palabra","las runas"],"articleSection":["Sin categor\u00eda"],"inLanguage":"it-IT","potentialAction":[{"@type":"CommentAction","name":"Comment","target":["https:\/\/gnosis.is\/blog\/2021\/10\/30\/el-poder-de-la-palabra\/#respond"]}]},{"@type":"WebPage","@id":"https:\/\/gnosis.is\/blog\/2021\/10\/30\/el-poder-de-la-palabra\/","url":"https:\/\/gnosis.is\/blog\/2021\/10\/30\/el-poder-de-la-palabra\/","name":"El poder de la palabra &#8211; Gnosis Internacional","isPartOf":{"@id":"https:\/\/gnosis.is\/#website"},"primaryImageOfPage":{"@id":"https:\/\/gnosis.is\/blog\/2021\/10\/30\/el-poder-de-la-palabra\/#primaryimage"},"image":{"@id":"https:\/\/gnosis.is\/blog\/2021\/10\/30\/el-poder-de-la-palabra\/#primaryimage"},"thumbnailUrl":"https:\/\/gnosis.is\/wp-content\/uploads\/2021\/10\/WhatsApp-Image-2021-03-24-at-22.07.43-2.jpeg","datePublished":"2021-10-30T17:34:34+00:00","dateModified":"2025-03-31T20:07:20+00:00","description":"El poder de la palabra fue bien conocido y utilizado por todas las culturas ancestrales. Hoy tambi\u00e9n podemos aprender a utilizarlo.","breadcrumb":{"@id":"https:\/\/gnosis.is\/blog\/2021\/10\/30\/el-poder-de-la-palabra\/#breadcrumb"},"inLanguage":"it-IT","potentialAction":[{"@type":"ReadAction","target":["https:\/\/gnosis.is\/blog\/2021\/10\/30\/el-poder-de-la-palabra\/"]}]},{"@type":"ImageObject","inLanguage":"it-IT","@id":"https:\/\/gnosis.is\/blog\/2021\/10\/30\/el-poder-de-la-palabra\/#primaryimage","url":"https:\/\/gnosis.is\/wp-content\/uploads\/2021\/10\/WhatsApp-Image-2021-03-24-at-22.07.43-2.jpeg","contentUrl":"https:\/\/gnosis.is\/wp-content\/uploads\/2021\/10\/WhatsApp-Image-2021-03-24-at-22.07.43-2.jpeg","width":960,"height":720,"caption":"El poder de la palabra"},{"@type":"BreadcrumbList","@id":"https:\/\/gnosis.is\/blog\/2021\/10\/30\/el-poder-de-la-palabra\/#breadcrumb","itemListElement":[{"@type":"ListItem","position":1,"name":"Home","item":"https:\/\/gnosis.is\/"},{"@type":"ListItem","position":2,"name":"El poder de la palabra"}]},{"@type":"WebSite","@id":"https:\/\/gnosis.is\/#website","url":"https:\/\/gnosis.is\/","name":"Cultura Gn\u00f3stica Espa\u00f1ol","description":"Valores humanos, conciencia, filosof\u00eda, psicolog\u00eda gn\u00f3stica.","publisher":{"@id":"https:\/\/gnosis.is\/#organization"},"potentialAction":[{"@type":"SearchAction","target":{"@type":"EntryPoint","urlTemplate":"https:\/\/gnosis.is\/?s={search_term_string}"},"query-input":{"@type":"PropertyValueSpecification","valueRequired":true,"valueName":"search_term_string"}}],"inLanguage":"it-IT"},{"@type":"Organization","@id":"https:\/\/gnosis.is\/#organization","name":"Cultura Gn\u00f3stica","url":"https:\/\/gnosis.is\/","logo":{"@type":"ImageObject","inLanguage":"it-IT","@id":"https:\/\/gnosis.is\/#\/schema\/logo\/image\/","url":"https:\/\/gnosis.is\/wp-content\/uploads\/2019\/07\/logoNuevo300.png","contentUrl":"https:\/\/gnosis.is\/wp-content\/uploads\/2019\/07\/logoNuevo300.png","width":300,"height":306,"caption":"Cultura Gn\u00f3stica"},"image":{"@id":"https:\/\/gnosis.is\/#\/schema\/logo\/image\/"},"sameAs":["https:\/\/www.facebook.com\/Gnosis.ES\/","https:\/\/x.com\/gnosisinter","https:\/\/www.instagram.com\/gnosisinter\/","https:\/\/www.youtube.com\/channel\/UCu7CGV0APUr8uXC9dzb9FKQ?sub_confirmation=1"]},{"@type":"Person","@id":"https:\/\/gnosis.is\/#\/schema\/person\/854185f66165293c1815affdc9835435","name":"Autor","image":{"@type":"ImageObject","inLanguage":"it-IT","@id":"https:\/\/gnosis.is\/#\/schema\/person\/image\/","url":"https:\/\/secure.gravatar.com\/avatar\/ee5afce77539230a669e9de4d10c2473?s=96&d=mm&r=g","contentUrl":"https:\/\/secure.gravatar.com\/avatar\/ee5afce77539230a669e9de4d10c2473?s=96&d=mm&r=g","caption":"Autor"},"url":"https:\/\/gnosis.is\/it\/blog\/author\/sautor1950\/"}]}},"_links":{"self":[{"href":"https:\/\/gnosis.is\/it\/wp-json\/wp\/v2\/posts\/9780","targetHints":{"allow":["GET"]}}],"collection":[{"href":"https:\/\/gnosis.is\/it\/wp-json\/wp\/v2\/posts"}],"about":[{"href":"https:\/\/gnosis.is\/it\/wp-json\/wp\/v2\/types\/post"}],"author":[{"embeddable":true,"href":"https:\/\/gnosis.is\/it\/wp-json\/wp\/v2\/users\/28"}],"replies":[{"embeddable":true,"href":"https:\/\/gnosis.is\/it\/wp-json\/wp\/v2\/comments?post=9780"}],"version-history":[{"count":2,"href":"https:\/\/gnosis.is\/it\/wp-json\/wp\/v2\/posts\/9780\/revisions"}],"predecessor-version":[{"id":12948,"href":"https:\/\/gnosis.is\/it\/wp-json\/wp\/v2\/posts\/9780\/revisions\/12948"}],"wp:featuredmedia":[{"embeddable":true,"href":"https:\/\/gnosis.is\/it\/wp-json\/wp\/v2\/media\/9802"}],"wp:attachment":[{"href":"https:\/\/gnosis.is\/it\/wp-json\/wp\/v2\/media?parent=9780"}],"wp:term":[{"taxonomy":"category","embeddable":true,"href":"https:\/\/gnosis.is\/it\/wp-json\/wp\/v2\/categories?post=9780"},{"taxonomy":"post_tag","embeddable":true,"href":"https:\/\/gnosis.is\/it\/wp-json\/wp\/v2\/tags?post=9780"}],"curies":[{"name":"wp","href":"https:\/\/api.w.org\/{rel}","templated":true}]}}